{"id":23,"date":"2023-02-24T14:49:54","date_gmt":"2023-02-24T14:49:54","guid":{"rendered":"https:\/\/www.jazzparade.ch\/?p=23"},"modified":"2023-02-24T14:49:54","modified_gmt":"2023-02-24T14:49:54","slug":"festival-da-jazz-2023-in-st-moritz","status":"publish","type":"post","link":"https:\/\/www.jazzparade.ch\/?p=23","title":{"rendered":"Festival da Jazz 2023 in St. Moritz"},"content":{"rendered":"\n<p>Das Festival da Jazz kehrt im Sommer 2023 zum 16. Mal in den <strong>Dracula Club<\/strong> und den Karajan-Saal im <strong>Reine Victoria in St. Moritz<\/strong> zur\u00fcck. Das Festival zeichnet sich durch eine seltene N\u00e4he zu den K\u00fcnstlern aus, die es den Besuchern erm\u00f6glicht, Jazz im Club zu erleben.<\/p>\n\n\n\n<p>Die Main Stage, der Dracula Club, bietet eine <strong>intime Atmosph\u00e4re mit Platz f\u00fcr nur etwa 150 G\u00e4ste<\/strong>. Unter den K\u00fcnstlern, die bereits aufgetreten sind, waren Al Jarreau, Chick Corea, Diana Krall, Nigel Kennedy und viele weitere Stars und Legenden.<\/p>\n\n\n\n<p>Neben den Hauptkonzerten bietet das Festival da Jazz in und um St. Moritz eine Vielzahl von <strong>kostenfreien Konzerten<\/strong>. Das Festival begann organisch und aus einer Leidenschaft heraus. Es wurde von Christian Jott Jenny gegr\u00fcndet, mit der Unterst\u00fctzung des K\u00fcnstlers und Designers Rolf Sachs.<\/p>\n\n\n\n<p>Das Festival hat seit seiner Gr\u00fcndung viele wichtige Meilensteine erreicht, von den ersten Gehversuchen im Kronenhof-Weinkeller mit Othella Dallas im Jahr 2005 bis hin zur Neuauflage des Festivals im Sommer 2023.<\/p>\n\n\n\n<p>Das Festival hat sich im Laufe der Jahre stetig weiterentwickelt und bietet mittlerweile <strong>\u00fcber 50 Konzerte pro Festival<\/strong>. Auch die internationalen K\u00fcnstler sind zahlreich vertreten.<\/p>\n\n\n\n<p>Das <strong>Festival da Jazz wird 2023 im Juli stattfinden<\/strong> und ist ein Muss f\u00fcr Jazzliebhaber. Es bietet eine einmalige Gelegenheit, Jazz in einer intimeren Umgebung zu erleben und sich von den K\u00fcnstlern verzaubern zu lassen.<\/p>\n","protected":false},"excerpt":{"rendered":"<p>Das Festival da Jazz kehrt im Sommer 2023 zum 16. Mal in den Dracula Club und den Karajan-Saal im Reine Victoria in St. Moritz zur\u00fcck. Das Festival zeichnet sich durch eine seltene N\u00e4he zu den K\u00fcnstlern aus, die es den Besuchern erm\u00f6glicht, Jazz im Club zu erleben. Die Main Stage, der Dracula Club, bietet eine [&hellip;]<\/p>\n","protected":false},"author":1,"featured_media":24,"comment_status":"open","ping_status":"open","sticky":false,"template":"","format":"standard","meta":[],"categories":[1],"tags":[],"_links":{"self":[{"href":"https:\/\/www.jazzparade.ch\/index.php?rest_route=\/wp\/v2\/posts\/23"}],"collection":[{"href":"https:\/\/www.jazzparade.ch\/index.php?rest_route=\/wp\/v2\/posts"}],"about":[{"href":"https:\/\/www.jazzparade.ch\/index.php?rest_route=\/wp\/v2\/types\/post"}],"author":[{"embeddable":true,"href":"https:\/\/www.jazzparade.ch\/index.php?rest_route=\/wp\/v2\/users\/1"}],"replies":[{"embeddable":true,"href":"https:\/\/www.jazzparade.ch\/index.php?rest_route=%2Fwp%2Fv2%2Fcomments&post=23"}],"version-history":[{"count":1,"href":"https:\/\/www.jazzparade.ch\/index.php?rest_route=\/wp\/v2\/posts\/23\/revisions"}],"predecessor-version":[{"id":25,"href":"https:\/\/www.jazzparade.ch\/index.php?rest_route=\/wp\/v2\/posts\/23\/revisions\/25"}],"wp:featuredmedia":[{"embeddable":true,"href":"https:\/\/www.jazzparade.ch\/index.php?rest_route=\/wp\/v2\/media\/24"}],"wp:attachment":[{"href":"https:\/\/www.jazzparade.ch\/index.php?rest_route=%2Fwp%2Fv2%2Fmedia&parent=23"}],"wp:term":[{"taxonomy":"category","embeddable":true,"href":"https:\/\/www.jazzparade.ch\/index.php?rest_route=%2Fwp%2Fv2%2Fcategories&post=23"},{"taxonomy":"post_tag","embeddable":true,"href":"https:\/\/www.jazzparade.ch\/index.php?rest_route=%2Fwp%2Fv2%2Ftags&post=23"}],"curies":[{"name":"wp","href":"https:\/\/api.w.org\/{rel}","templated":true}]}}